{"id":18124,"date":"2024-11-28T16:50:00","date_gmt":"2024-11-28T15:50:00","guid":{"rendered":"https:\/\/twiik.me\/mfn_news\/metabolic-nordic-ab-beslutar-att-ansoka-om-konkurs\/"},"modified":"2024-11-28T16:50:00","modified_gmt":"2024-11-28T15:50:00","slug":"metabolic-nordic-ab-beslutar-att-ansoka-om-konkurs","status":"publish","type":"mfn_news","link":"https:\/\/twiik.me\/en\/mfn_news\/metabolic-nordic-ab-beslutar-att-ansoka-om-konkurs\/","title":{"rendered":"Metabolic Nordic AB beslutar att ans\u00f6ka om konkurs"},"content":{"rendered":"<div class=\"mfn-body\">\n<p>Styrelsen i Metabolic Nordic AB har idag, den 28 november 2024, beslutat att ans\u00f6ka om att bolaget ska f\u00f6rs\u00e4ttas i konkurs. Konkursans\u00f6kan kommer att l\u00e4mnas in idag, den 28 november 2024, till Malm\u00f6 tingsr\u00e4tt.<br \/>\u00a0<br \/>Beslutet om att ans\u00f6ka om konkurs f\u00f6ljer efter att det avtal som ing\u00e5tts kring ett omv\u00e4nt f\u00f6rv\u00e4rv av verksamheten Dr Vitos och ett l\u00e5n om sammanlagt MSEK 2,00 ej uppfyllts. Detta inneb\u00e4r att bolaget befinner sig i en akut likviditetskris och styrelsen bed\u00f6mer att det d\u00e4rmed saknas tillr\u00e4ckliga likvida medel f\u00f6r att forts\u00e4tta bedriva verksamheten fram\u00f6ver.<\/p>\n<\/div>\n<div class=\"mfn-footer mfn-contacts mfn-0a1cddfc3c73\">\n<p><strong class=\"mfn-heading-1\">F\u00f6r mer information, v\u00e4nligen kontakta<\/strong><\/p>\n<hr \/>\n<p>Marcus Lindskog,<br \/>Tf VD Metabolic Nordic AB<br \/>Telefon: +46 (0)70 921 67 19<br \/>E-post: marcus.lindskog@100days.com<br \/>Hemsida: <a href=\"http:\/\/www.100days.com\" rel=\"noopener\" target=\"_blank\">www.100days.com<\/a><\/p>\n<\/div>\n<div class=\"mfn-footer mfn-about mfn-13a15db66c47\">\n<hr \/>\n<p><strong>Metabolic Nordic AB<\/strong>\u00a0\u00e4r ett innovationsbolag inom friskv\u00e5rds- och h\u00e4lsosektorn med s\u00e4te i Malm\u00f6. Bolaget utvecklar konsumentl\u00f6sningar- och koncept inom metabol h\u00e4lsa och h\u00e5llbara livsstilsf\u00f6r\u00e4ndringar.<\/p>\n<p>\u00a0<a href=\"http:\/\/www.100days.com\" rel=\"noopener\" target=\"_blank\">www.100days.com<\/a><\/p>\n<p><strong>Certified Adviser: Mangold Fondkomission AB<\/strong><\/p>\n<\/div>\n<div class=\"mfn-footer mfn-regulatory mfn-regulatory-mar\">\n<p><em>Denna information \u00e4r s\u00e5dan information som Metabolic Nordic \u00e4r skyldigt att offentligg\u00f6ra enligt EU:s marknadsmissbruksf\u00f6rordning. Informationen l\u00e4mnades, genom ovanst\u00e5ende kontaktpersoners f\u00f6rsorg, f\u00f6r offentligg\u00f6rande den 2024-11-28 16:50 CET.<\/em><\/p>\n<\/div>\n<div class=\"mfn-footer mfn-attachment mfn-attachment-general\">\n<p><strong class=\"mfn-heading-1\">Bifogade filer<\/strong><\/p>\n<hr \/>\n<p><a class=\"mfn-generated mfn-primary\" href=\"https:\/\/storage.mfn.se\/3eca3759-7672-414f-9384-8dbf90a54a3c\/metabolic-nordic-ab-beslutar-att-ansoka-om-konkurs.pdf\" rel=\"noopener\" target=\"_blank\">Metabolic Nordic AB beslutar att ans\u00f6ka om konkurs<\/a><\/p>\n<\/div>\n","protected":false},"excerpt":{"rendered":"<p>Styrelsen i Metabolic Nordic AB har idag, den 28 november 2024, beslutat att ans\u00f6ka om att bolaget ska f\u00f6rs\u00e4ttas i konkurs. Konkursans\u00f6kan kommer att l\u00e4mnas in idag, den 28 november 2024, till Malm\u00f6 tingsr\u00e4tt.\u00a0Beslutet om att ans\u00f6ka om konkurs f\u00f6ljer efter att det avtal som ing\u00e5tts kring ett omv\u00e4nt f\u00f6rv\u00e4rv av verksamheten Dr Vitos och [&hellip;]<\/p>\n","protected":false},"template":"","meta":{"site-sidebar-layout":"default","site-content-layout":"","ast-site-content-layout":"default","site-content-style":"default","site-sidebar-style":"default","ast-global-header-display":"","ast-banner-title-visibility":"","ast-main-header-display":"","ast-hfb-above-header-display":"","ast-hfb-below-header-display":"","ast-hfb-mobile-header-display":"","site-post-title":"","ast-breadcrumbs-content":"","ast-featured-img":"","footer-sml-layout":"","ast-disable-related-posts":"","theme-transparent-header-meta":"","adv-header-id-meta":"","stick-header-meta":"","header-above-stick-meta":"","header-main-stick-meta":"","header-below-stick-meta":"","astra-migrate-meta-layouts":"default","ast-page-background-enabled":"default","ast-page-background-meta":{"desktop":{"background-color":"","background-image":"","background-repeat":"repeat","background-position":"center center","background-size":"auto","background-attachment":"scroll","background-type":"","background-media":"","overlay-type":"","overlay-color":"","overlay-opacity":"","overlay-gradient":""},"tablet":{"background-color":"","background-image":"","background-repeat":"repeat","background-position":"center center","background-size":"auto","background-attachment":"scroll","background-type":"","background-media":"","overlay-type":"","overlay-color":"","overlay-opacity":"","overlay-gradient":""},"mobile":{"background-color":"","background-image":"","background-repeat":"repeat","background-position":"center center","background-size":"auto","background-attachment":"scroll","background-type":"","background-media":"","overlay-type":"","overlay-color":"","overlay-opacity":"","overlay-gradient":""}},"ast-content-background-meta":{"desktop":{"background-color":"var(--ast-global-color-5)","background-image":"","background-repeat":"repeat","background-position":"center center","background-size":"auto","background-attachment":"scroll","background-type":"","background-media":"","overlay-type":"","overlay-color":"","overlay-opacity":"","overlay-gradient":""},"tablet":{"background-color":"var(--ast-global-color-5)","background-image":"","background-repeat":"repeat","background-position":"center center","background-size":"auto","background-attachment":"scroll","background-type":"","background-media":"","overlay-type":"","overlay-color":"","overlay-opacity":"","overlay-gradient":""},"mobile":{"background-color":"var(--ast-global-color-5)","background-image":"","background-repeat":"repeat","background-position":"center center","background-size":"auto","background-attachment":"scroll","background-type":"","background-media":"","overlay-type":"","overlay-color":"","overlay-opacity":"","overlay-gradient":""}}},"class_list":["post-18124","mfn_news","type-mfn_news","status-publish","hentry","mfn-news-tag-mfn-ci_sv","mfn-news-tag-mfn-type-ir_sv","mfn-news-tag-mfn-regulatory-mar_sv","mfn-news-tag-mfn_sv","mfn-news-tag-mfn-ci-other_sv","mfn-news-tag-mfn-regulatory_sv","mfn-news-tag-mfn-lang-sv_sv"],"yoast_head":"<!-- This site is optimized with the Yoast SEO plugin v27.5 - https:\/\/yoast.com\/product\/yoast-seo-wordpress\/ -->\n<title>Metabolic Nordic AB beslutar att ans\u00f6ka om konkurs - Twiik<\/title>\n<meta name=\"robots\" content=\"index, follow, max-snippet:-1, max-image-preview:large, max-video-preview:-1\" \/>\n<link rel=\"canonical\" href=\"https:\/\/twiik.me\/mfn_news\/metabolic-nordic-ab-beslutar-att-ansoka-om-konkurs\/\" \/>\n<meta property=\"og:locale\" content=\"en_US\" \/>\n<meta property=\"og:type\" content=\"article\" \/>\n<meta property=\"og:title\" content=\"Metabolic Nordic AB beslutar att ans\u00f6ka om konkurs - Twiik\" \/>\n<meta property=\"og:description\" content=\"Styrelsen i Metabolic Nordic AB har idag, den 28 november 2024, beslutat att ans\u00f6ka om att bolaget ska f\u00f6rs\u00e4ttas i konkurs. Konkursans\u00f6kan kommer att l\u00e4mnas in idag, den 28 november 2024, till Malm\u00f6 tingsr\u00e4tt.\u00a0Beslutet om att ans\u00f6ka om konkurs f\u00f6ljer efter att det avtal som ing\u00e5tts kring ett omv\u00e4nt f\u00f6rv\u00e4rv av verksamheten Dr Vitos och [&hellip;]\" \/>\n<meta property=\"og:url\" content=\"https:\/\/twiik.me\/mfn_news\/metabolic-nordic-ab-beslutar-att-ansoka-om-konkurs\/\" \/>\n<meta property=\"og:site_name\" content=\"Twiik\" \/>\n<meta property=\"article:publisher\" content=\"https:\/\/www.facebook.com\/twiikme\/\" \/>\n<meta name=\"twitter:card\" content=\"summary_large_image\" \/>\n<meta name=\"twitter:label1\" content=\"Est. reading time\" \/>\n\t<meta name=\"twitter:data1\" content=\"1 minute\" \/>\n<script type=\"application\/ld+json\" class=\"yoast-schema-graph\">{\"@context\":\"https:\\\/\\\/schema.org\",\"@graph\":[{\"@type\":\"WebPage\",\"@id\":\"https:\\\/\\\/twiik.me\\\/mfn_news\\\/metabolic-nordic-ab-beslutar-att-ansoka-om-konkurs\\\/\",\"url\":\"https:\\\/\\\/twiik.me\\\/mfn_news\\\/metabolic-nordic-ab-beslutar-att-ansoka-om-konkurs\\\/\",\"name\":\"Metabolic Nordic AB beslutar att ans\u00f6ka om konkurs - Twiik\",\"isPartOf\":{\"@id\":\"https:\\\/\\\/twiik.me\\\/#website\"},\"datePublished\":\"2024-11-28T15:50:00+00:00\",\"breadcrumb\":{\"@id\":\"https:\\\/\\\/twiik.me\\\/mfn_news\\\/metabolic-nordic-ab-beslutar-att-ansoka-om-konkurs\\\/#breadcrumb\"},\"inLanguage\":\"en-US\",\"potentialAction\":[{\"@type\":\"ReadAction\",\"target\":[\"https:\\\/\\\/twiik.me\\\/mfn_news\\\/metabolic-nordic-ab-beslutar-att-ansoka-om-konkurs\\\/\"]}]},{\"@type\":\"BreadcrumbList\",\"@id\":\"https:\\\/\\\/twiik.me\\\/mfn_news\\\/metabolic-nordic-ab-beslutar-att-ansoka-om-konkurs\\\/#breadcrumb\",\"itemListElement\":[{\"@type\":\"ListItem\",\"position\":1,\"name\":\"Hem\",\"item\":\"https:\\\/\\\/twiik.me\\\/en\\\/\"},{\"@type\":\"ListItem\",\"position\":2,\"name\":\"MFN News Items\",\"item\":\"https:\\\/\\\/twiik.me\\\/mfn_news_sv\\\/\"},{\"@type\":\"ListItem\",\"position\":3,\"name\":\"Metabolic Nordic AB beslutar att ans\u00f6ka om konkurs\"}]},{\"@type\":\"WebSite\",\"@id\":\"https:\\\/\\\/twiik.me\\\/#website\",\"url\":\"https:\\\/\\\/twiik.me\\\/\",\"name\":\"Twiik\",\"description\":\"\",\"publisher\":{\"@id\":\"https:\\\/\\\/twiik.me\\\/#organization\"},\"potentialAction\":[{\"@type\":\"SearchAction\",\"target\":{\"@type\":\"EntryPoint\",\"urlTemplate\":\"https:\\\/\\\/twiik.me\\\/?s={search_term_string}\"},\"query-input\":{\"@type\":\"PropertyValueSpecification\",\"valueRequired\":true,\"valueName\":\"search_term_string\"}}],\"inLanguage\":\"en-US\"},{\"@type\":\"Organization\",\"@id\":\"https:\\\/\\\/twiik.me\\\/#organization\",\"name\":\"Twiik AB\",\"url\":\"https:\\\/\\\/twiik.me\\\/\",\"logo\":{\"@type\":\"ImageObject\",\"inLanguage\":\"en-US\",\"@id\":\"https:\\\/\\\/twiik.me\\\/#\\\/schema\\\/logo\\\/image\\\/\",\"url\":\"https:\\\/\\\/twiik.me\\\/wp-content\\\/uploads\\\/2021\\\/01\\\/twiiklogga-e1611684322973.png\",\"contentUrl\":\"https:\\\/\\\/twiik.me\\\/wp-content\\\/uploads\\\/2021\\\/01\\\/twiiklogga-e1611684322973.png\",\"width\":323,\"height\":128,\"caption\":\"Twiik AB\"},\"image\":{\"@id\":\"https:\\\/\\\/twiik.me\\\/#\\\/schema\\\/logo\\\/image\\\/\"},\"sameAs\":[\"https:\\\/\\\/www.facebook.com\\\/twiikme\\\/\"]}]}<\/script>\n<!-- \/ Yoast SEO plugin. -->","yoast_head_json":{"title":"Metabolic Nordic AB beslutar att ans\u00f6ka om konkurs - Twiik","robots":{"index":"index","follow":"follow","max-snippet":"max-snippet:-1","max-image-preview":"max-image-preview:large","max-video-preview":"max-video-preview:-1"},"canonical":"https:\/\/twiik.me\/mfn_news\/metabolic-nordic-ab-beslutar-att-ansoka-om-konkurs\/","og_locale":"en_US","og_type":"article","og_title":"Metabolic Nordic AB beslutar att ans\u00f6ka om konkurs - Twiik","og_description":"Styrelsen i Metabolic Nordic AB har idag, den 28 november 2024, beslutat att ans\u00f6ka om att bolaget ska f\u00f6rs\u00e4ttas i konkurs. Konkursans\u00f6kan kommer att l\u00e4mnas in idag, den 28 november 2024, till Malm\u00f6 tingsr\u00e4tt.\u00a0Beslutet om att ans\u00f6ka om konkurs f\u00f6ljer efter att det avtal som ing\u00e5tts kring ett omv\u00e4nt f\u00f6rv\u00e4rv av verksamheten Dr Vitos och [&hellip;]","og_url":"https:\/\/twiik.me\/mfn_news\/metabolic-nordic-ab-beslutar-att-ansoka-om-konkurs\/","og_site_name":"Twiik","article_publisher":"https:\/\/www.facebook.com\/twiikme\/","twitter_card":"summary_large_image","twitter_misc":{"Est. reading time":"1 minute"},"schema":{"@context":"https:\/\/schema.org","@graph":[{"@type":"WebPage","@id":"https:\/\/twiik.me\/mfn_news\/metabolic-nordic-ab-beslutar-att-ansoka-om-konkurs\/","url":"https:\/\/twiik.me\/mfn_news\/metabolic-nordic-ab-beslutar-att-ansoka-om-konkurs\/","name":"Metabolic Nordic AB beslutar att ans\u00f6ka om konkurs - Twiik","isPartOf":{"@id":"https:\/\/twiik.me\/#website"},"datePublished":"2024-11-28T15:50:00+00:00","breadcrumb":{"@id":"https:\/\/twiik.me\/mfn_news\/metabolic-nordic-ab-beslutar-att-ansoka-om-konkurs\/#breadcrumb"},"inLanguage":"en-US","potentialAction":[{"@type":"ReadAction","target":["https:\/\/twiik.me\/mfn_news\/metabolic-nordic-ab-beslutar-att-ansoka-om-konkurs\/"]}]},{"@type":"BreadcrumbList","@id":"https:\/\/twiik.me\/mfn_news\/metabolic-nordic-ab-beslutar-att-ansoka-om-konkurs\/#breadcrumb","itemListElement":[{"@type":"ListItem","position":1,"name":"Hem","item":"https:\/\/twiik.me\/en\/"},{"@type":"ListItem","position":2,"name":"MFN News Items","item":"https:\/\/twiik.me\/mfn_news_sv\/"},{"@type":"ListItem","position":3,"name":"Metabolic Nordic AB beslutar att ans\u00f6ka om konkurs"}]},{"@type":"WebSite","@id":"https:\/\/twiik.me\/#website","url":"https:\/\/twiik.me\/","name":"Twiik","description":"","publisher":{"@id":"https:\/\/twiik.me\/#organization"},"potentialAction":[{"@type":"SearchAction","target":{"@type":"EntryPoint","urlTemplate":"https:\/\/twiik.me\/?s={search_term_string}"},"query-input":{"@type":"PropertyValueSpecification","valueRequired":true,"valueName":"search_term_string"}}],"inLanguage":"en-US"},{"@type":"Organization","@id":"https:\/\/twiik.me\/#organization","name":"Twiik AB","url":"https:\/\/twiik.me\/","logo":{"@type":"ImageObject","inLanguage":"en-US","@id":"https:\/\/twiik.me\/#\/schema\/logo\/image\/","url":"https:\/\/twiik.me\/wp-content\/uploads\/2021\/01\/twiiklogga-e1611684322973.png","contentUrl":"https:\/\/twiik.me\/wp-content\/uploads\/2021\/01\/twiiklogga-e1611684322973.png","width":323,"height":128,"caption":"Twiik AB"},"image":{"@id":"https:\/\/twiik.me\/#\/schema\/logo\/image\/"},"sameAs":["https:\/\/www.facebook.com\/twiikme\/"]}]}},"_links":{"self":[{"href":"https:\/\/twiik.me\/en\/wp-json\/wp\/v2\/mfn_news\/18124","targetHints":{"allow":["GET"]}}],"collection":[{"href":"https:\/\/twiik.me\/en\/wp-json\/wp\/v2\/mfn_news"}],"about":[{"href":"https:\/\/twiik.me\/en\/wp-json\/wp\/v2\/types\/mfn_news"}],"wp:attachment":[{"href":"https:\/\/twiik.me\/en\/wp-json\/wp\/v2\/media?parent=18124"}],"curies":[{"name":"wp","href":"https:\/\/api.w.org\/{rel}","templated":true}]}}